{"id":1439,"date":"2011-08-19T17:08:00","date_gmt":"2011-08-19T20:08:00","guid":{"rendered":"http:\/\/www.diosgalon.com.ar\/?p=1439"},"modified":"2011-08-19T17:08:12","modified_gmt":"2011-08-19T20:08:12","slug":"el-cuento-del-dia-ano-i","status":"publish","type":"post","link":"https:\/\/www.diosgalon.com.ar\/?p=1439","title":{"rendered":"El Cuento del D\u00eda \/a\u00f1o I"},"content":{"rendered":"<p>En facebook formo parte del proyecto El Cuento del D\u00eda.<br \/>\nEs un p\u00e1gina de facebook a la que, si le das \u00abMe gusta\u00bb todos los d\u00edas publica un cuento en tu muro.<br \/>\nLa venimos haciendo hace ya tres a\u00f1os; un tiempo atr\u00e1s decid\u00ed armar un compilado con todo lo que ven\u00edmos subiendo. Ya est\u00e1 listo en A\u00d1O I y ac\u00e1 lo comparto.<\/p>\n<p><img decoding=\"async\" src=\"\/files\/cuentos\/tomos.png\"\/><a href=\"\/ecdd\/anuarios\/El-cuento-del-dia_1-1.zip\"><img decoding=\"async\" src=\"\/files\/cuentos\/descarga.png\"\/><\/a><a href=\"\/ecdd\/anuarios\/El-cuento-del-dia_1-2.zip\"><img decoding=\"async\" src=\"\/files\/cuentos\/descarga.png\"\/><\/a>  <a href=\"\/ecdd\/anuarios\/El-cuento-del-dia_1-3.zip\"><img decoding=\"async\" src=\"\/files\/cuentos\/descarga.png\"\/><\/a><\/p>\n<p><em>&#8230;pr\u00f3ximamente el A\u00d1O II<\/em><\/p>\n","protected":false},"excerpt":{"rendered":"<p>En facebook formo parte del proyecto El Cuento del D\u00eda. Es un p\u00e1gina de facebook a la que, si le das \u00abMe gusta\u00bb todos los d\u00edas publica un cuento en tu muro. La venimos haciendo hace ya tres a\u00f1os; un &hellip; <a href=\"https:\/\/www.diosgalon.com.ar\/?p=1439\">Sigue leyendo <span class=\"meta-nav\">&rarr;<\/span><\/a><\/p>\n","protected":false},"author":1,"featured_media":2203,"comment_status":"open","ping_status":"open","sticky":false,"template":"","format":"standard","meta":{"ngg_post_thumbnail":0,"footnotes":""},"categories":[1],"tags":[],"class_list":["post-1439","post","type-post","status-publish","format-standard","has-post-thumbnail","hentry","category-noticias"],"_links":{"self":[{"href":"https:\/\/www.diosgalon.com.ar\/index.php?rest_route=\/wp\/v2\/posts\/1439","targetHints":{"allow":["GET"]}}],"collection":[{"href":"https:\/\/www.diosgalon.com.ar\/index.php?rest_route=\/wp\/v2\/posts"}],"about":[{"href":"https:\/\/www.diosgalon.com.ar\/index.php?rest_route=\/wp\/v2\/types\/post"}],"author":[{"embeddable":true,"href":"https:\/\/www.diosgalon.com.ar\/index.php?rest_route=\/wp\/v2\/users\/1"}],"replies":[{"embeddable":true,"href":"https:\/\/www.diosgalon.com.ar\/index.php?rest_route=%2Fwp%2Fv2%2Fcomments&post=1439"}],"version-history":[{"count":18,"href":"https:\/\/www.diosgalon.com.ar\/index.php?rest_route=\/wp\/v2\/posts\/1439\/revisions"}],"predecessor-version":[{"id":1457,"href":"https:\/\/www.diosgalon.com.ar\/index.php?rest_route=\/wp\/v2\/posts\/1439\/revisions\/1457"}],"wp:featuredmedia":[{"embeddable":true,"href":"https:\/\/www.diosgalon.com.ar\/index.php?rest_route=\/wp\/v2\/media\/2203"}],"wp:attachment":[{"href":"https:\/\/www.diosgalon.com.ar\/index.php?rest_route=%2Fwp%2Fv2%2Fmedia&parent=1439"}],"wp:term":[{"taxonomy":"category","embeddable":true,"href":"https:\/\/www.diosgalon.com.ar\/index.php?rest_route=%2Fwp%2Fv2%2Fcategories&post=1439"},{"taxonomy":"post_tag","embeddable":true,"href":"https:\/\/www.diosgalon.com.ar\/index.php?rest_route=%2Fwp%2Fv2%2Ftags&post=1439"}],"curies":[{"name":"wp","href":"https:\/\/api.w.org\/{rel}","templated":true}]}}